{"id":32038,"date":"2019-06-01T10:16:00","date_gmt":"2019-06-01T09:16:00","guid":{"rendered":"https:\/\/cuizine.be\/cookingarden-pour-les-fans-de-cuisine-a-lexterieur\/"},"modified":"2019-11-07T12:39:18","modified_gmt":"2019-11-07T11:39:18","slug":"cookingarden-pour-les-fans-de-cuisine-a-lexterieur","status":"publish","type":"post","link":"https:\/\/cuizine.be\/fr\/cookingarden-pour-les-fans-de-cuisine-a-lexterieur\/","title":{"rendered":"Cookin&rsquo;Garden : Pour les fans de cuisine \u00e0 l&rsquo;ext\u00e9rieur"},"content":{"rendered":"<p>Pour les amateurs de barbecue et de cuisine \u00e0 l&rsquo;ext\u00e9rieur, les beaux jours arrivent ! Nous pouvons \u00e0 nouveau nous laisser inspirer pour transposer le beau temps dans nos assiettes et cuisiner \u00e0 l&rsquo;ext\u00e9rieur. Avec les bons accessoires, c&rsquo;est encore plus agr\u00e9able. C&rsquo;est justement la sp\u00e9cialit\u00e9 de Cook&rsquo;in Garden.<\/p>\n<h2>Les l\u00e9gendaires planchas Finesta<\/h2>\n<p>Une plancha extrait la graisse des aliments, si bien que vous ne devez utiliser que peu de mati\u00e8re grasse. Gr\u00e2ce \u00e0 la chaleur constante sur la plaque de cuisson en fonte, vous conservez mieux les go\u00fbts et les bienfaits des aliments. Vous pouvez rapidement nettoyer l&rsquo;appareil en le rin\u00e7ant \u00e0 l&rsquo;eau, ce qui vous permet de facilement passer du poisson \u00e0 la viande ou aux l\u00e9gumes, voire aux fruits.<\/p>\n<p>Les planchas Finesta surprennent non seulement par leur look moderne, mais aussi et surtout par leur grande surface de cuisson :<\/p>\n\r\n                <div id='position_image_loading_by_brand_2105211940' style='text-align: center;padding: 20px;'><img src='https:\/\/cuizine.be\/wp-content\/plugins\/opencart-product-in-wp\/css\/images\/bx_loader.gif' \/><\/div>\r\n                <div id='position_display_data_by_brand_2105211940'><div style='text-align:center;padding:15px;border:1px solid #ccc;display:none'>Klik <a style='cursor: pointer'>hier<\/a> om producten in te laden<\/div><\/div>\r\n                <script>        \r\n                jQuery(document).ready(function(){  \r\n                    jQuery('#position_display_data_by_brand_2105211940').find('a').click(function(){callReload({\"action\":\"load_getproducts_by_brand\",\"brand_id\":\"5291\",\"category\":\"1712\",\"count\":\"3\",\"title\":\"\",\"description\":\"0\",\"order\":\"popular\",\"view\":\"slide\",\"divid\":2105211940}, 'position_display_data_by_brand_2105211940','position_image_loading_by_brand_2105211940');})       \r\n                    callReload({\"action\":\"load_getproducts_by_brand\",\"brand_id\":\"5291\",\"category\":\"1712\",\"count\":\"3\",\"title\":\"\",\"description\":\"0\",\"order\":\"popular\",\"view\":\"slide\",\"divid\":2105211940}, 'position_display_data_by_brand_2105211940','position_image_loading_by_brand_2105211940');\r\n                });\r\n            <\/script>\r\n            \n<h2>Des barbecues comme vous les souhaitez !<\/h2>\n<p>Que vous pr\u00e9f\u00e9riez la grillade sur un barbecue au gaz ou \u00e9lectrique ou que vous ne puissiez pas r\u00e9sister \u00e0 l&rsquo;odeur du charbon de bois, Cook&rsquo;in Garden est votre partenaire id\u00e9al. Votre confort est notre priorit\u00e9 :<\/p>\n<h3><a href=\"https:\/\/niwzi.be\/gasbarbecue\/?mfp=manufacturers%5B5291%5D\" target=\"_blank\" rel=\"noopener noreferrer\">Barbecues au gaz :<\/a><\/h3>\n\r\n                <div id='position_image_loading_by_brand_517786487' style='text-align: center;padding: 20px;'><img src='https:\/\/cuizine.be\/wp-content\/plugins\/opencart-product-in-wp\/css\/images\/bx_loader.gif' \/><\/div>\r\n                <div id='position_display_data_by_brand_517786487'><div style='text-align:center;padding:15px;border:1px solid #ccc;display:none'>Klik <a style='cursor: pointer'>hier<\/a> om producten in te laden<\/div><\/div>\r\n                <script>        \r\n                jQuery(document).ready(function(){  \r\n                    jQuery('#position_display_data_by_brand_517786487').find('a').click(function(){callReload({\"action\":\"load_getproducts_by_brand\",\"brand_id\":\"5291\",\"category\":\"1291\",\"count\":\"3\",\"title\":\"\",\"description\":\"0\",\"order\":\"popular\",\"view\":\"slide\",\"divid\":517786487}, 'position_display_data_by_brand_517786487','position_image_loading_by_brand_517786487');})       \r\n                    callReload({\"action\":\"load_getproducts_by_brand\",\"brand_id\":\"5291\",\"category\":\"1291\",\"count\":\"3\",\"title\":\"\",\"description\":\"0\",\"order\":\"popular\",\"view\":\"slide\",\"divid\":517786487}, 'position_display_data_by_brand_517786487','position_image_loading_by_brand_517786487');\r\n                });\r\n            <\/script>\r\n            \n<h3><a href=\"https:\/\/niwzi.be\/houtskoolbarbecue\/?mfp=manufacturers%5B5291%5D\" target=\"_blank\" rel=\"noopener noreferrer\">Barbecues au charbon de bois :<\/a><\/h3>\n\r\n                <div id='position_image_loading_by_brand_98114222' style='text-align: center;padding: 20px;'><img src='https:\/\/cuizine.be\/wp-content\/plugins\/opencart-product-in-wp\/css\/images\/bx_loader.gif' \/><\/div>\r\n                <div id='position_display_data_by_brand_98114222'><div style='text-align:center;padding:15px;border:1px solid #ccc;display:none'>Klik <a style='cursor: pointer'>hier<\/a> om producten in te laden<\/div><\/div>\r\n                <script>        \r\n                jQuery(document).ready(function(){  \r\n                    jQuery('#position_display_data_by_brand_98114222').find('a').click(function(){callReload({\"action\":\"load_getproducts_by_brand\",\"brand_id\":\"5291\",\"category\":\"1292\",\"count\":\"3\",\"title\":\"\",\"description\":\"0\",\"order\":\"popular\",\"view\":\"slide\",\"divid\":98114222}, 'position_display_data_by_brand_98114222','position_image_loading_by_brand_98114222');})       \r\n                    callReload({\"action\":\"load_getproducts_by_brand\",\"brand_id\":\"5291\",\"category\":\"1292\",\"count\":\"3\",\"title\":\"\",\"description\":\"0\",\"order\":\"popular\",\"view\":\"slide\",\"divid\":98114222}, 'position_display_data_by_brand_98114222','position_image_loading_by_brand_98114222');\r\n                });\r\n            <\/script>\r\n            \n<h3>Barbecue \u00e9lectrique :<\/h3>\n\r\n                <div id='position_image_loading_by_brand_582223542' style='text-align: center;padding: 20px;'><img src='https:\/\/cuizine.be\/wp-content\/plugins\/opencart-product-in-wp\/css\/images\/bx_loader.gif' \/><\/div>\r\n                <div id='position_display_data_by_brand_582223542'><div style='text-align:center;padding:15px;border:1px solid #ccc;display:none'>Klik <a style='cursor: pointer'>hier<\/a> om producten in te laden<\/div><\/div>\r\n                <script>        \r\n                jQuery(document).ready(function(){  \r\n                    jQuery('#position_display_data_by_brand_582223542').find('a').click(function(){callReload({\"action\":\"load_getproducts_by_brand\",\"brand_id\":\"5291\",\"category\":\"46\",\"count\":\"3\",\"title\":\"\",\"description\":\"0\",\"order\":\"popular\",\"view\":\"slide\",\"divid\":582223542}, 'position_display_data_by_brand_582223542','position_image_loading_by_brand_582223542');})       \r\n                    callReload({\"action\":\"load_getproducts_by_brand\",\"brand_id\":\"5291\",\"category\":\"46\",\"count\":\"3\",\"title\":\"\",\"description\":\"0\",\"order\":\"popular\",\"view\":\"slide\",\"divid\":582223542}, 'position_display_data_by_brand_582223542','position_image_loading_by_brand_582223542');\r\n                });\r\n            <\/script>\r\n            \n<p>Les grilles de grillade de Cookin&rsquo;Garden peuvent elles aussi \u00eatre mises en avant. Avec leur composition en acier chrom\u00e9 et la bonne \u00e9paisseur des fils, vous pourrez les garder pendant longtemps. Les poign\u00e9es ont r\u00e9cemment \u00e9t\u00e9 revues et assurent une bonne prise.<\/p>\n\r\n                <div id='position_image_loading_by_brand_947846085' style='text-align: center;padding: 20px;'><img src='https:\/\/cuizine.be\/wp-content\/plugins\/opencart-product-in-wp\/css\/images\/bx_loader.gif' \/><\/div>\r\n                <div id='position_display_data_by_brand_947846085'><div style='text-align:center;padding:15px;border:1px solid #ccc;display:none'>Klik <a style='cursor: pointer'>hier<\/a> om producten in te laden<\/div><\/div>\r\n                <script>        \r\n                jQuery(document).ready(function(){  \r\n                    jQuery('#position_display_data_by_brand_947846085').find('a').click(function(){callReload({\"action\":\"load_getproducts_by_brand\",\"brand_id\":\"5291\",\"category\":\"2132\",\"count\":\"10\",\"title\":\"\",\"description\":\"0\",\"order\":\"popular\",\"view\":\"slide\",\"divid\":947846085}, 'position_display_data_by_brand_947846085','position_image_loading_by_brand_947846085');})       \r\n                    callReload({\"action\":\"load_getproducts_by_brand\",\"brand_id\":\"5291\",\"category\":\"2132\",\"count\":\"10\",\"title\":\"\",\"description\":\"0\",\"order\":\"popular\",\"view\":\"slide\",\"divid\":947846085}, 'position_display_data_by_brand_947846085','position_image_loading_by_brand_947846085');\r\n                });\r\n            <\/script>\r\n            \n","protected":false},"excerpt":{"rendered":"<p>Pour les amateurs de barbecue et de cuisine \u00e0 l&rsquo;ext\u00e9rieur, les beaux jours arrivent ! Nous pouvons \u00e0 nouveau nous laisser inspirer pour transposer le beau temps dans nos assiettes et cuisiner \u00e0 l&rsquo;ext\u00e9rieur. Avec les bons accessoires, c&rsquo;est encore plus agr\u00e9able. C&rsquo;est justement la sp\u00e9cialit\u00e9 de Cook&rsquo;in Garden. Les l\u00e9gendaires planchas Finesta Une plancha [&hellip;]<\/p>\n","protected":false},"author":20,"featured_media":31947,"comment_status":"open","ping_status":"closed","sticky":false,"template":"","format":"standard","meta":{"tdm_status":"","tdm_grid_status":"","footnotes":""},"categories":[955,1060,946,961,2202],"tags":[],"class_list":{"0":"post-32038","1":"post","2":"type-post","3":"status-publish","4":"format-standard","5":"has-post-thumbnail","7":"category-barbecue-fr","8":"category-cuisiner","9":"category-cuisines","10":"category-fruits-legumes","11":"category-grill-fr"},"yoast_head":"<!-- This site is optimized with the Yoast SEO plugin v26.2 - https:\/\/yoast.com\/wordpress\/plugins\/seo\/ -->\n<title>Cookin&#039;Garden : Pour les fans de cuisine \u00e0 l&#039;ext\u00e9rieur<\/title>\n<meta name=\"robots\" content=\"index, follow, max-snippet:-1, max-image-preview:large, max-video-preview:-1\" \/>\n<link rel=\"canonical\" href=\"https:\/\/cuizine.be\/fr\/cookingarden-pour-les-fans-de-cuisine-a-lexterieur\/\" \/>\n<meta property=\"og:locale\" content=\"fr_FR\" \/>\n<meta property=\"og:type\" content=\"article\" \/>\n<meta property=\"og:title\" content=\"Cookin&#039;Garden : Pour les fans de cuisine \u00e0 l&#039;ext\u00e9rieur\" \/>\n<meta property=\"og:description\" content=\"Pour les amateurs de barbecue et de cuisine \u00e0 l&rsquo;ext\u00e9rieur, les beaux jours arrivent ! Nous pouvons \u00e0 nouveau nous laisser inspirer pour transposer le beau temps dans nos assiettes et cuisiner \u00e0 l&rsquo;ext\u00e9rieur. Avec les bons accessoires, c&rsquo;est encore plus agr\u00e9able. C&rsquo;est justement la sp\u00e9cialit\u00e9 de Cook&rsquo;in Garden. Les l\u00e9gendaires planchas Finesta Une plancha [&hellip;]\" \/>\n<meta property=\"og:url\" content=\"https:\/\/cuizine.be\/fr\/cookingarden-pour-les-fans-de-cuisine-a-lexterieur\/\" \/>\n<meta property=\"og:site_name\" content=\"cuizine.be\" \/>\n<meta property=\"article:publisher\" content=\"https:\/\/www.facebook.com\/cuizinebe\/\" \/>\n<meta property=\"article:published_time\" content=\"2019-06-01T09:16:00+00:00\" \/>\n<meta property=\"article:modified_time\" content=\"2019-11-07T11:39:18+00:00\" \/>\n<meta property=\"og:image\" content=\"https:\/\/cuizine.be\/wp-content\/uploads\/2019\/06\/PG035.jpg\" \/>\n\t<meta property=\"og:image:width\" content=\"6000\" \/>\n\t<meta property=\"og:image:height\" content=\"4000\" \/>\n\t<meta property=\"og:image:type\" content=\"image\/jpeg\" \/>\n<meta name=\"author\" content=\"Stephanie Galopin\" \/>\n<meta name=\"twitter:label1\" content=\"\u00c9crit par\" \/>\n\t<meta name=\"twitter:data1\" content=\"Stephanie Galopin\" \/>\n\t<meta name=\"twitter:label2\" content=\"Dur\u00e9e de lecture estim\u00e9e\" \/>\n\t<meta name=\"twitter:data2\" content=\"1 minute\" \/>\n<script type=\"application\/ld+json\" class=\"yoast-schema-graph\">{\"@context\":\"https:\/\/schema.org\",\"@graph\":[{\"@type\":\"WebPage\",\"@id\":\"https:\/\/cuizine.be\/fr\/cookingarden-pour-les-fans-de-cuisine-a-lexterieur\/\",\"url\":\"https:\/\/cuizine.be\/fr\/cookingarden-pour-les-fans-de-cuisine-a-lexterieur\/\",\"name\":\"Cookin'Garden : Pour les fans de cuisine \u00e0 l'ext\u00e9rieur\",\"isPartOf\":{\"@id\":\"https:\/\/cuizine.be\/#website\"},\"primaryImageOfPage\":{\"@id\":\"https:\/\/cuizine.be\/fr\/cookingarden-pour-les-fans-de-cuisine-a-lexterieur\/#primaryimage\"},\"image\":{\"@id\":\"https:\/\/cuizine.be\/fr\/cookingarden-pour-les-fans-de-cuisine-a-lexterieur\/#primaryimage\"},\"thumbnailUrl\":\"https:\/\/cuizine.be\/wp-content\/uploads\/2019\/06\/PG035.jpg\",\"datePublished\":\"2019-06-01T09:16:00+00:00\",\"dateModified\":\"2019-11-07T11:39:18+00:00\",\"author\":{\"@id\":\"https:\/\/cuizine.be\/#\/schema\/person\/b2c81f405a733913d9ce0f19882eba56\"},\"breadcrumb\":{\"@id\":\"https:\/\/cuizine.be\/fr\/cookingarden-pour-les-fans-de-cuisine-a-lexterieur\/#breadcrumb\"},\"inLanguage\":\"fr-FR\",\"potentialAction\":[{\"@type\":\"ReadAction\",\"target\":[\"https:\/\/cuizine.be\/fr\/cookingarden-pour-les-fans-de-cuisine-a-lexterieur\/\"]}]},{\"@type\":\"ImageObject\",\"inLanguage\":\"fr-FR\",\"@id\":\"https:\/\/cuizine.be\/fr\/cookingarden-pour-les-fans-de-cuisine-a-lexterieur\/#primaryimage\",\"url\":\"https:\/\/cuizine.be\/wp-content\/uploads\/2019\/06\/PG035.jpg\",\"contentUrl\":\"https:\/\/cuizine.be\/wp-content\/uploads\/2019\/06\/PG035.jpg\",\"width\":6000,\"height\":4000},{\"@type\":\"BreadcrumbList\",\"@id\":\"https:\/\/cuizine.be\/fr\/cookingarden-pour-les-fans-de-cuisine-a-lexterieur\/#breadcrumb\",\"itemListElement\":[{\"@type\":\"ListItem\",\"position\":1,\"name\":\"Home\",\"item\":\"https:\/\/cuizine.be\/fr\/\"},{\"@type\":\"ListItem\",\"position\":2,\"name\":\"Cookin&rsquo;Garden : Pour les fans de cuisine \u00e0 l&rsquo;ext\u00e9rieur\"}]},{\"@type\":\"WebSite\",\"@id\":\"https:\/\/cuizine.be\/#website\",\"url\":\"https:\/\/cuizine.be\/\",\"name\":\"cuizine.be\",\"description\":\"we really love cooking\",\"potentialAction\":[{\"@type\":\"SearchAction\",\"target\":{\"@type\":\"EntryPoint\",\"urlTemplate\":\"https:\/\/cuizine.be\/?s={search_term_string}\"},\"query-input\":{\"@type\":\"PropertyValueSpecification\",\"valueRequired\":true,\"valueName\":\"search_term_string\"}}],\"inLanguage\":\"fr-FR\"},{\"@type\":\"Person\",\"@id\":\"https:\/\/cuizine.be\/#\/schema\/person\/b2c81f405a733913d9ce0f19882eba56\",\"name\":\"Stephanie Galopin\",\"image\":{\"@type\":\"ImageObject\",\"inLanguage\":\"fr-FR\",\"@id\":\"https:\/\/cuizine.be\/#\/schema\/person\/image\/\",\"url\":\"https:\/\/secure.gravatar.com\/avatar\/0684cbc0f12b48bd7bda82b1e67a80615f2b9b73a50d67ab933ce3170f35ad43?s=96&d=mm&r=g\",\"contentUrl\":\"https:\/\/secure.gravatar.com\/avatar\/0684cbc0f12b48bd7bda82b1e67a80615f2b9b73a50d67ab933ce3170f35ad43?s=96&d=mm&r=g\",\"caption\":\"Stephanie Galopin\"},\"description\":\"Deze vrolijke spring-in-het-veld pluist als een echte speurneus de nieuwste producten uit. Taarten, koekjes en zoetigheid uit de oven toveren doet ze al sinds ze een tiener was. Ondertussen leerde ze ook de andere keukentoestellen te gebruiken om volledige gerechten op tafel te zetten.\\u2028 Na het werk vind je haar meestal druk bezig met alweer een nieuwe hobby, aan het sporten of aan het bijkletsen met de vriendinnen met een goed glas wijn in de hand.\",\"url\":\"https:\/\/cuizine.be\/fr\/author\/stephanie\/\"}]}<\/script>\n<!-- \/ Yoast SEO plugin. -->","yoast_head_json":{"title":"Cookin'Garden : Pour les fans de cuisine \u00e0 l'ext\u00e9rieur","robots":{"index":"index","follow":"follow","max-snippet":"max-snippet:-1","max-image-preview":"max-image-preview:large","max-video-preview":"max-video-preview:-1"},"canonical":"https:\/\/cuizine.be\/fr\/cookingarden-pour-les-fans-de-cuisine-a-lexterieur\/","og_locale":"fr_FR","og_type":"article","og_title":"Cookin'Garden : Pour les fans de cuisine \u00e0 l'ext\u00e9rieur","og_description":"Pour les amateurs de barbecue et de cuisine \u00e0 l&rsquo;ext\u00e9rieur, les beaux jours arrivent ! Nous pouvons \u00e0 nouveau nous laisser inspirer pour transposer le beau temps dans nos assiettes et cuisiner \u00e0 l&rsquo;ext\u00e9rieur. Avec les bons accessoires, c&rsquo;est encore plus agr\u00e9able. C&rsquo;est justement la sp\u00e9cialit\u00e9 de Cook&rsquo;in Garden. Les l\u00e9gendaires planchas Finesta Une plancha [&hellip;]","og_url":"https:\/\/cuizine.be\/fr\/cookingarden-pour-les-fans-de-cuisine-a-lexterieur\/","og_site_name":"cuizine.be","article_publisher":"https:\/\/www.facebook.com\/cuizinebe\/","article_published_time":"2019-06-01T09:16:00+00:00","article_modified_time":"2019-11-07T11:39:18+00:00","og_image":[{"width":6000,"height":4000,"url":"https:\/\/cuizine.be\/wp-content\/uploads\/2019\/06\/PG035.jpg","type":"image\/jpeg"}],"author":"Stephanie Galopin","twitter_misc":{"\u00c9crit par":"Stephanie Galopin","Dur\u00e9e de lecture estim\u00e9e":"1 minute"},"schema":{"@context":"https:\/\/schema.org","@graph":[{"@type":"WebPage","@id":"https:\/\/cuizine.be\/fr\/cookingarden-pour-les-fans-de-cuisine-a-lexterieur\/","url":"https:\/\/cuizine.be\/fr\/cookingarden-pour-les-fans-de-cuisine-a-lexterieur\/","name":"Cookin'Garden : Pour les fans de cuisine \u00e0 l'ext\u00e9rieur","isPartOf":{"@id":"https:\/\/cuizine.be\/#website"},"primaryImageOfPage":{"@id":"https:\/\/cuizine.be\/fr\/cookingarden-pour-les-fans-de-cuisine-a-lexterieur\/#primaryimage"},"image":{"@id":"https:\/\/cuizine.be\/fr\/cookingarden-pour-les-fans-de-cuisine-a-lexterieur\/#primaryimage"},"thumbnailUrl":"https:\/\/cuizine.be\/wp-content\/uploads\/2019\/06\/PG035.jpg","datePublished":"2019-06-01T09:16:00+00:00","dateModified":"2019-11-07T11:39:18+00:00","author":{"@id":"https:\/\/cuizine.be\/#\/schema\/person\/b2c81f405a733913d9ce0f19882eba56"},"breadcrumb":{"@id":"https:\/\/cuizine.be\/fr\/cookingarden-pour-les-fans-de-cuisine-a-lexterieur\/#breadcrumb"},"inLanguage":"fr-FR","potentialAction":[{"@type":"ReadAction","target":["https:\/\/cuizine.be\/fr\/cookingarden-pour-les-fans-de-cuisine-a-lexterieur\/"]}]},{"@type":"ImageObject","inLanguage":"fr-FR","@id":"https:\/\/cuizine.be\/fr\/cookingarden-pour-les-fans-de-cuisine-a-lexterieur\/#primaryimage","url":"https:\/\/cuizine.be\/wp-content\/uploads\/2019\/06\/PG035.jpg","contentUrl":"https:\/\/cuizine.be\/wp-content\/uploads\/2019\/06\/PG035.jpg","width":6000,"height":4000},{"@type":"BreadcrumbList","@id":"https:\/\/cuizine.be\/fr\/cookingarden-pour-les-fans-de-cuisine-a-lexterieur\/#breadcrumb","itemListElement":[{"@type":"ListItem","position":1,"name":"Home","item":"https:\/\/cuizine.be\/fr\/"},{"@type":"ListItem","position":2,"name":"Cookin&rsquo;Garden : Pour les fans de cuisine \u00e0 l&rsquo;ext\u00e9rieur"}]},{"@type":"WebSite","@id":"https:\/\/cuizine.be\/#website","url":"https:\/\/cuizine.be\/","name":"cuizine.be","description":"we really love cooking","potentialAction":[{"@type":"SearchAction","target":{"@type":"EntryPoint","urlTemplate":"https:\/\/cuizine.be\/?s={search_term_string}"},"query-input":{"@type":"PropertyValueSpecification","valueRequired":true,"valueName":"search_term_string"}}],"inLanguage":"fr-FR"},{"@type":"Person","@id":"https:\/\/cuizine.be\/#\/schema\/person\/b2c81f405a733913d9ce0f19882eba56","name":"Stephanie Galopin","image":{"@type":"ImageObject","inLanguage":"fr-FR","@id":"https:\/\/cuizine.be\/#\/schema\/person\/image\/","url":"https:\/\/secure.gravatar.com\/avatar\/0684cbc0f12b48bd7bda82b1e67a80615f2b9b73a50d67ab933ce3170f35ad43?s=96&d=mm&r=g","contentUrl":"https:\/\/secure.gravatar.com\/avatar\/0684cbc0f12b48bd7bda82b1e67a80615f2b9b73a50d67ab933ce3170f35ad43?s=96&d=mm&r=g","caption":"Stephanie Galopin"},"description":"Deze vrolijke spring-in-het-veld pluist als een echte speurneus de nieuwste producten uit. Taarten, koekjes en zoetigheid uit de oven toveren doet ze al sinds ze een tiener was. Ondertussen leerde ze ook de andere keukentoestellen te gebruiken om volledige gerechten op tafel te zetten.\u2028 Na het werk vind je haar meestal druk bezig met alweer een nieuwe hobby, aan het sporten of aan het bijkletsen met de vriendinnen met een goed glas wijn in de hand.","url":"https:\/\/cuizine.be\/fr\/author\/stephanie\/"}]}},"amp_enabled":true,"_links":{"self":[{"href":"https:\/\/cuizine.be\/fr\/wp-json\/wp\/v2\/posts\/32038\/"}],"collection":[{"href":"https:\/\/cuizine.be\/fr\/wp-json\/wp\/v2\/posts\/"}],"about":[{"href":"https:\/\/cuizine.be\/fr\/wp-json\/wp\/v2\/types\/post\/"}],"author":[{"embeddable":true,"href":"https:\/\/cuizine.be\/fr\/wp-json\/wp\/v2\/users\/20\/"}],"replies":[{"embeddable":true,"href":"https:\/\/cuizine.be\/fr\/wp-json\/wp\/v2\/comments\/?post=32038"}],"version-history":[{"count":2,"href":"https:\/\/cuizine.be\/fr\/wp-json\/wp\/v2\/posts\/32038\/revisions\/"}],"predecessor-version":[{"id":32045,"href":"https:\/\/cuizine.be\/fr\/wp-json\/wp\/v2\/posts\/32038\/revisions\/32045\/"}],"wp:featuredmedia":[{"embeddable":true,"href":"https:\/\/cuizine.be\/fr\/wp-json\/wp\/v2\/media\/31947\/"}],"wp:attachment":[{"href":"https:\/\/cuizine.be\/fr\/wp-json\/wp\/v2\/media\/?parent=32038"}],"wp:term":[{"taxonomy":"category","embeddable":true,"href":"https:\/\/cuizine.be\/fr\/wp-json\/wp\/v2\/categories\/?post=32038"},{"taxonomy":"post_tag","embeddable":true,"href":"https:\/\/cuizine.be\/fr\/wp-json\/wp\/v2\/tags\/?post=32038"}],"curies":[{"name":"wp","href":"https:\/\/api.w.org\/{rel}","templated":true}]}}