{"id":21704,"date":"2011-05-07T11:34:43","date_gmt":"2011-05-07T10:34:43","guid":{"rendered":"http:\/\/cuizine.be\/fr\/?p=21704"},"modified":"2016-02-17T11:39:27","modified_gmt":"2016-02-17T10:39:27","slug":"refrigerateur-americain-amana","status":"publish","type":"post","link":"https:\/\/cuizine.be\/fr\/refrigerateur-americain-amana\/","title":{"rendered":"R\u00e9frig\u00e9rateur am\u00e9ricain de luxe et \u00e0 compartiments superpos\u00e9s"},"content":{"rendered":"<p>Le nouveau \u2018PRO-Line\u2019 d\u2019Amana conserve son look professionnel et ses performances frigorifiques. Il est cependant d\u00e9sormais, ici et l\u00e0, dot\u00e9 d&rsquo;un \u00e9l\u00e9ment de design suppl\u00e9mentaire optimisant encore son look &amp; feel. Car vous aimez la perfection.<\/p>\n<h2>Design superbe<\/h2>\n<p>Loin d\u2019Amana l&rsquo;id\u00e9e de modifier radicalement le design de ses r\u00e9frig\u00e9rateurs, et \u00e0 juste titre puisqu&rsquo;ils sont d\u00e9j\u00e0 superbes. Mais la marque ne renonce jamais \u00e0 placer la barre toujours plus haut. C&rsquo;est en quoi elle modifie quelques \u00e9l\u00e9ments de design\u2026 lesquels conf\u00e8rent un nouveau plus \u00e0 la cuisine. Les \u00e9quipements de la gamme \u2018PRO-Line\u2019 sont \u00e9quip\u00e9s d&rsquo;un nouvel \u00e9l\u00e9ment de couverture design sym\u00e9trique par rapport \u00e0 la plinthe ainsi que de longues poign\u00e9es en inox d&rsquo;un diam\u00e8tre de 25 mm fix\u00e9es sur toute la hauteur des portes.<\/p>\n<p>En cela, le fabricant r\u00e9duit visuellement la grande surface frontale des r\u00e9frig\u00e9rateurs en inox tout en leur conf\u00e9rant une dimension asym\u00e9trique. Ces r\u00e9frig\u00e9rateurs am\u00e9ricains sont aussi \u00e9quip\u00e9s d&rsquo;une grille en inox autour du pr\u00e9parateur de gla\u00e7ons. Les mod\u00e8les INT, dont la finition est partiellement en inox, c&rsquo;est-\u00e0-dire seulement \u00e9quip\u00e9s de portes en inox, sont \u00e9quip\u00e9s de bandes lat\u00e9rales couvrant les parties color\u00e9es lat\u00e9rales &#8211; l&rsquo;id\u00e9al lorsque l&rsquo;\u00e9quipement est encastr\u00e9.<\/p>\n<h2>Pro- line<\/h2>\n<p>La nouvelle gamme \u2018PRO-Line\u2019 englobe des r\u00e9frig\u00e9rateurs am\u00e9ricains classiques, \u00e9quip\u00e9s d&rsquo;une fontaine \u00e0 eau et d&rsquo;un pr\u00e9parateur de gla\u00e7ons ou pas, disponibles en deux profondeurs (60 cm et 71,1 cm) et \u00e9quip\u00e9s de plusieurs compartiments superpos\u00e9s dont un compartiment surg\u00e9lateur prenant la forme d&rsquo;un tiroir sous le r\u00e9frig\u00e9rateur disponible en deux profondeurs (60 cm et 73,7 cm). Les deux mod\u00e8les sont de la classe \u00e9nerg\u00e9tique A\u00a0; ils consomment donc moins d&rsquo;\u00e9lectricit\u00e9 qu&rsquo;une ampoule de 60 W et pr\u00e9sentent \u00e9galement toutes les caract\u00e9ristiques qualitatives propres \u00e0 la marque Amana.<\/p>\n<p>Les plateaux r\u00e9glables sont en verre de s\u00e9curit\u00e9 de structure cristalline et les tiroirs de conservation ainsi que les clayettes du r\u00e9frig\u00e9rateur et du surg\u00e9lateur b\u00e9n\u00e9ficient d&rsquo;une finition en inox. Autrement dit, tant \u00e0 l&rsquo;int\u00e9rieur qu&rsquo;\u00e0 l&rsquo;ext\u00e9rieur, ces appareils pr\u00e9sentent une finition irr\u00e9prochable. Afin d&rsquo;augmenter le confort d&rsquo;utilisation, ils sont \u00e9galement dot\u00e9s de tiroirs sp\u00e9cifiques adapt\u00e9s \u00e0 la conservation des fruits et l\u00e9gumes, de tiroirs pour mets-d\u00e9lices avec contr\u00f4le de la temp\u00e9rature, de compartiments transparents dans les portes, et de bien d&rsquo;autres rangements encore selon le mod\u00e8le.<\/p>\n<p>De plus, les r\u00e9frig\u00e9rateurs sont \u00e9quip\u00e9s d&rsquo;un filtre antibact\u00e9rien, d&rsquo;un syst\u00e8me No Frost permettant d&rsquo;\u00e9viter la formation de givre et du syst\u00e8me multiflow permettant d&rsquo;obtenir une temp\u00e9rature homog\u00e8ne \u00e0 l\u2019int\u00e9rieur du r\u00e9frig\u00e9rateur.<\/p>\n","protected":false},"excerpt":{"rendered":"<p>Le nouveau \u2018PRO-Line\u2019 d\u2019Amana conserve son look professionnel et ses performances frigorifiques. Il est cependant d\u00e9sormais, ici et l\u00e0, dot\u00e9 d&rsquo;un \u00e9l\u00e9ment de design suppl\u00e9mentaire optimisant encore son look &amp; feel. Car vous aimez la perfection. Design superbe Loin d\u2019Amana l&rsquo;id\u00e9e de modifier radicalement le design de ses r\u00e9frig\u00e9rateurs, et \u00e0 juste titre puisqu&rsquo;ils sont [&hellip;]<\/p>\n","protected":false},"author":9,"featured_media":21708,"comment_status":"closed","ping_status":"closed","sticky":false,"template":"","format":"standard","meta":{"tdm_status":"","tdm_grid_status":"","footnotes":""},"categories":[974,978],"tags":[1246,1245],"class_list":{"0":"post-21704","1":"post","2":"type-post","3":"status-publish","4":"format-standard","5":"has-post-thumbnail","7":"category-electromenagers-fr","8":"category-refrigerateurs","9":"tag-amana","10":"tag-refrigerateur-americain"},"yoast_head":"<!-- This site is optimized with the Yoast SEO plugin v26.2 - https:\/\/yoast.com\/wordpress\/plugins\/seo\/ -->\n<title>R\u00e9frig\u00e9rateur am\u00e9ricain de luxe et \u00e0 compartiments superpos\u00e9s<\/title>\n<meta name=\"robots\" content=\"index, follow, max-snippet:-1, max-image-preview:large, max-video-preview:-1\" \/>\n<link rel=\"canonical\" href=\"https:\/\/cuizine.be\/fr\/refrigerateur-americain-amana\/\" \/>\n<meta property=\"og:locale\" content=\"fr_FR\" \/>\n<meta property=\"og:type\" content=\"article\" \/>\n<meta property=\"og:title\" content=\"R\u00e9frig\u00e9rateur am\u00e9ricain de luxe et \u00e0 compartiments superpos\u00e9s\" \/>\n<meta property=\"og:description\" content=\"Le nouveau \u2018PRO-Line\u2019 d\u2019Amana conserve son look professionnel et ses performances frigorifiques. Il est cependant d\u00e9sormais, ici et l\u00e0, dot\u00e9 d&rsquo;un \u00e9l\u00e9ment de design suppl\u00e9mentaire optimisant encore son look &amp; feel. Car vous aimez la perfection. Design superbe Loin d\u2019Amana l&rsquo;id\u00e9e de modifier radicalement le design de ses r\u00e9frig\u00e9rateurs, et \u00e0 juste titre puisqu&rsquo;ils sont [&hellip;]\" \/>\n<meta property=\"og:url\" content=\"https:\/\/cuizine.be\/fr\/refrigerateur-americain-amana\/\" \/>\n<meta property=\"og:site_name\" content=\"cuizine.be\" \/>\n<meta property=\"article:publisher\" content=\"https:\/\/www.facebook.com\/cuizinebe\/\" \/>\n<meta property=\"article:published_time\" content=\"2011-05-07T10:34:43+00:00\" \/>\n<meta property=\"article:modified_time\" content=\"2016-02-17T10:39:27+00:00\" \/>\n<meta property=\"og:image\" content=\"https:\/\/cuizine.be\/wp-content\/uploads\/2016\/02\/amana_koelkast.jpg\" \/>\n\t<meta property=\"og:image:width\" content=\"800\" \/>\n\t<meta property=\"og:image:height\" content=\"600\" \/>\n\t<meta property=\"og:image:type\" content=\"image\/jpeg\" \/>\n<meta name=\"author\" content=\"Marie Verhulst\" \/>\n<meta name=\"twitter:label1\" content=\"\u00c9crit par\" \/>\n\t<meta name=\"twitter:data1\" content=\"Marie Verhulst\" \/>\n\t<meta name=\"twitter:label2\" content=\"Dur\u00e9e de lecture estim\u00e9e\" \/>\n\t<meta name=\"twitter:data2\" content=\"2 minutes\" \/>\n<script type=\"application\/ld+json\" class=\"yoast-schema-graph\">{\"@context\":\"https:\/\/schema.org\",\"@graph\":[{\"@type\":\"WebPage\",\"@id\":\"https:\/\/cuizine.be\/fr\/refrigerateur-americain-amana\/\",\"url\":\"https:\/\/cuizine.be\/fr\/refrigerateur-americain-amana\/\",\"name\":\"R\u00e9frig\u00e9rateur am\u00e9ricain de luxe et \u00e0 compartiments superpos\u00e9s\",\"isPartOf\":{\"@id\":\"https:\/\/cuizine.be\/#website\"},\"primaryImageOfPage\":{\"@id\":\"https:\/\/cuizine.be\/fr\/refrigerateur-americain-amana\/#primaryimage\"},\"image\":{\"@id\":\"https:\/\/cuizine.be\/fr\/refrigerateur-americain-amana\/#primaryimage\"},\"thumbnailUrl\":\"https:\/\/cuizine.be\/wp-content\/uploads\/2016\/02\/amana_koelkast.jpg\",\"datePublished\":\"2011-05-07T10:34:43+00:00\",\"dateModified\":\"2016-02-17T10:39:27+00:00\",\"author\":{\"@id\":\"https:\/\/cuizine.be\/#\/schema\/person\/8904a42d67afd3bedc36591eda4fb602\"},\"breadcrumb\":{\"@id\":\"https:\/\/cuizine.be\/fr\/refrigerateur-americain-amana\/#breadcrumb\"},\"inLanguage\":\"fr-FR\",\"potentialAction\":[{\"@type\":\"ReadAction\",\"target\":[\"https:\/\/cuizine.be\/fr\/refrigerateur-americain-amana\/\"]}]},{\"@type\":\"ImageObject\",\"inLanguage\":\"fr-FR\",\"@id\":\"https:\/\/cuizine.be\/fr\/refrigerateur-americain-amana\/#primaryimage\",\"url\":\"https:\/\/cuizine.be\/wp-content\/uploads\/2016\/02\/amana_koelkast.jpg\",\"contentUrl\":\"https:\/\/cuizine.be\/wp-content\/uploads\/2016\/02\/amana_koelkast.jpg\",\"width\":800,\"height\":600,\"caption\":\"r\u00e9frig\u00e9rateur am\u00e9ricain amana\"},{\"@type\":\"BreadcrumbList\",\"@id\":\"https:\/\/cuizine.be\/fr\/refrigerateur-americain-amana\/#breadcrumb\",\"itemListElement\":[{\"@type\":\"ListItem\",\"position\":1,\"name\":\"Home\",\"item\":\"https:\/\/cuizine.be\/fr\/\"},{\"@type\":\"ListItem\",\"position\":2,\"name\":\"R\u00e9frig\u00e9rateur am\u00e9ricain de luxe et \u00e0 compartiments superpos\u00e9s\"}]},{\"@type\":\"WebSite\",\"@id\":\"https:\/\/cuizine.be\/#website\",\"url\":\"https:\/\/cuizine.be\/\",\"name\":\"cuizine.be\",\"description\":\"we really love cooking\",\"potentialAction\":[{\"@type\":\"SearchAction\",\"target\":{\"@type\":\"EntryPoint\",\"urlTemplate\":\"https:\/\/cuizine.be\/?s={search_term_string}\"},\"query-input\":{\"@type\":\"PropertyValueSpecification\",\"valueRequired\":true,\"valueName\":\"search_term_string\"}}],\"inLanguage\":\"fr-FR\"},{\"@type\":\"Person\",\"@id\":\"https:\/\/cuizine.be\/#\/schema\/person\/8904a42d67afd3bedc36591eda4fb602\",\"name\":\"Marie Verhulst\",\"image\":{\"@type\":\"ImageObject\",\"inLanguage\":\"fr-FR\",\"@id\":\"https:\/\/cuizine.be\/#\/schema\/person\/image\/\",\"url\":\"https:\/\/secure.gravatar.com\/avatar\/09c8a66640d0babae6c97b57f1fb4eaae49124bc0d9f0446a4430d279bc1a633?s=96&d=mm&r=g\",\"contentUrl\":\"https:\/\/secure.gravatar.com\/avatar\/09c8a66640d0babae6c97b57f1fb4eaae49124bc0d9f0446a4430d279bc1a633?s=96&d=mm&r=g\",\"caption\":\"Marie Verhulst\"},\"url\":\"https:\/\/cuizine.be\/fr\/author\/marie\/\"}]}<\/script>\n<!-- \/ Yoast SEO plugin. -->","yoast_head_json":{"title":"R\u00e9frig\u00e9rateur am\u00e9ricain de luxe et \u00e0 compartiments superpos\u00e9s","robots":{"index":"index","follow":"follow","max-snippet":"max-snippet:-1","max-image-preview":"max-image-preview:large","max-video-preview":"max-video-preview:-1"},"canonical":"https:\/\/cuizine.be\/fr\/refrigerateur-americain-amana\/","og_locale":"fr_FR","og_type":"article","og_title":"R\u00e9frig\u00e9rateur am\u00e9ricain de luxe et \u00e0 compartiments superpos\u00e9s","og_description":"Le nouveau \u2018PRO-Line\u2019 d\u2019Amana conserve son look professionnel et ses performances frigorifiques. Il est cependant d\u00e9sormais, ici et l\u00e0, dot\u00e9 d&rsquo;un \u00e9l\u00e9ment de design suppl\u00e9mentaire optimisant encore son look &amp; feel. Car vous aimez la perfection. Design superbe Loin d\u2019Amana l&rsquo;id\u00e9e de modifier radicalement le design de ses r\u00e9frig\u00e9rateurs, et \u00e0 juste titre puisqu&rsquo;ils sont [&hellip;]","og_url":"https:\/\/cuizine.be\/fr\/refrigerateur-americain-amana\/","og_site_name":"cuizine.be","article_publisher":"https:\/\/www.facebook.com\/cuizinebe\/","article_published_time":"2011-05-07T10:34:43+00:00","article_modified_time":"2016-02-17T10:39:27+00:00","og_image":[{"width":800,"height":600,"url":"https:\/\/cuizine.be\/wp-content\/uploads\/2016\/02\/amana_koelkast.jpg","type":"image\/jpeg"}],"author":"Marie Verhulst","twitter_misc":{"\u00c9crit par":"Marie Verhulst","Dur\u00e9e de lecture estim\u00e9e":"2 minutes"},"schema":{"@context":"https:\/\/schema.org","@graph":[{"@type":"WebPage","@id":"https:\/\/cuizine.be\/fr\/refrigerateur-americain-amana\/","url":"https:\/\/cuizine.be\/fr\/refrigerateur-americain-amana\/","name":"R\u00e9frig\u00e9rateur am\u00e9ricain de luxe et \u00e0 compartiments superpos\u00e9s","isPartOf":{"@id":"https:\/\/cuizine.be\/#website"},"primaryImageOfPage":{"@id":"https:\/\/cuizine.be\/fr\/refrigerateur-americain-amana\/#primaryimage"},"image":{"@id":"https:\/\/cuizine.be\/fr\/refrigerateur-americain-amana\/#primaryimage"},"thumbnailUrl":"https:\/\/cuizine.be\/wp-content\/uploads\/2016\/02\/amana_koelkast.jpg","datePublished":"2011-05-07T10:34:43+00:00","dateModified":"2016-02-17T10:39:27+00:00","author":{"@id":"https:\/\/cuizine.be\/#\/schema\/person\/8904a42d67afd3bedc36591eda4fb602"},"breadcrumb":{"@id":"https:\/\/cuizine.be\/fr\/refrigerateur-americain-amana\/#breadcrumb"},"inLanguage":"fr-FR","potentialAction":[{"@type":"ReadAction","target":["https:\/\/cuizine.be\/fr\/refrigerateur-americain-amana\/"]}]},{"@type":"ImageObject","inLanguage":"fr-FR","@id":"https:\/\/cuizine.be\/fr\/refrigerateur-americain-amana\/#primaryimage","url":"https:\/\/cuizine.be\/wp-content\/uploads\/2016\/02\/amana_koelkast.jpg","contentUrl":"https:\/\/cuizine.be\/wp-content\/uploads\/2016\/02\/amana_koelkast.jpg","width":800,"height":600,"caption":"r\u00e9frig\u00e9rateur am\u00e9ricain amana"},{"@type":"BreadcrumbList","@id":"https:\/\/cuizine.be\/fr\/refrigerateur-americain-amana\/#breadcrumb","itemListElement":[{"@type":"ListItem","position":1,"name":"Home","item":"https:\/\/cuizine.be\/fr\/"},{"@type":"ListItem","position":2,"name":"R\u00e9frig\u00e9rateur am\u00e9ricain de luxe et \u00e0 compartiments superpos\u00e9s"}]},{"@type":"WebSite","@id":"https:\/\/cuizine.be\/#website","url":"https:\/\/cuizine.be\/","name":"cuizine.be","description":"we really love cooking","potentialAction":[{"@type":"SearchAction","target":{"@type":"EntryPoint","urlTemplate":"https:\/\/cuizine.be\/?s={search_term_string}"},"query-input":{"@type":"PropertyValueSpecification","valueRequired":true,"valueName":"search_term_string"}}],"inLanguage":"fr-FR"},{"@type":"Person","@id":"https:\/\/cuizine.be\/#\/schema\/person\/8904a42d67afd3bedc36591eda4fb602","name":"Marie Verhulst","image":{"@type":"ImageObject","inLanguage":"fr-FR","@id":"https:\/\/cuizine.be\/#\/schema\/person\/image\/","url":"https:\/\/secure.gravatar.com\/avatar\/09c8a66640d0babae6c97b57f1fb4eaae49124bc0d9f0446a4430d279bc1a633?s=96&d=mm&r=g","contentUrl":"https:\/\/secure.gravatar.com\/avatar\/09c8a66640d0babae6c97b57f1fb4eaae49124bc0d9f0446a4430d279bc1a633?s=96&d=mm&r=g","caption":"Marie Verhulst"},"url":"https:\/\/cuizine.be\/fr\/author\/marie\/"}]}},"amp_enabled":true,"_links":{"self":[{"href":"https:\/\/cuizine.be\/fr\/wp-json\/wp\/v2\/posts\/21704\/"}],"collection":[{"href":"https:\/\/cuizine.be\/fr\/wp-json\/wp\/v2\/posts\/"}],"about":[{"href":"https:\/\/cuizine.be\/fr\/wp-json\/wp\/v2\/types\/post\/"}],"author":[{"embeddable":true,"href":"https:\/\/cuizine.be\/fr\/wp-json\/wp\/v2\/users\/9\/"}],"replies":[{"embeddable":true,"href":"https:\/\/cuizine.be\/fr\/wp-json\/wp\/v2\/comments\/?post=21704"}],"version-history":[{"count":1,"href":"https:\/\/cuizine.be\/fr\/wp-json\/wp\/v2\/posts\/21704\/revisions\/"}],"predecessor-version":[{"id":21707,"href":"https:\/\/cuizine.be\/fr\/wp-json\/wp\/v2\/posts\/21704\/revisions\/21707\/"}],"wp:featuredmedia":[{"embeddable":true,"href":"https:\/\/cuizine.be\/fr\/wp-json\/wp\/v2\/media\/21708\/"}],"wp:attachment":[{"href":"https:\/\/cuizine.be\/fr\/wp-json\/wp\/v2\/media\/?parent=21704"}],"wp:term":[{"taxonomy":"category","embeddable":true,"href":"https:\/\/cuizine.be\/fr\/wp-json\/wp\/v2\/categories\/?post=21704"},{"taxonomy":"post_tag","embeddable":true,"href":"https:\/\/cuizine.be\/fr\/wp-json\/wp\/v2\/tags\/?post=21704"}],"curies":[{"name":"wp","href":"https:\/\/api.w.org\/{rel}","templated":true}]}}