{"id":21697,"date":"2016-02-17T09:21:44","date_gmt":"2016-02-17T08:21:44","guid":{"rendered":"http:\/\/cuizine.be\/fr\/?p=21697"},"modified":"2016-02-17T11:10:59","modified_gmt":"2016-02-17T10:10:59","slug":"type-refrigerateur-tiroir","status":"publish","type":"post","link":"https:\/\/cuizine.be\/fr\/type-refrigerateur-tiroir\/","title":{"rendered":"Votre type de r\u00e9frig\u00e9rateur de pr\u00e9dilection ? Un parfaitement encastrable !"},"content":{"rendered":"<p>Vous pourriez tr\u00e8s bien acheter un r\u00e9frig\u00e9rateur encastrable conventionnel\u2026 mais pourquoi le feriez-vous ? Car, c\u2019est vrai, il existe des tas d&rsquo;autres alternatives int\u00e9ressantes. Comme les tiroirs-r\u00e9frig\u00e9rateurs.<\/p>\n<p>Les tiroirs-r\u00e9frig\u00e9rateurs sont particuli\u00e8rement pratiques. Rien que d\u00e9j\u00e0 sur le plan fonctionnel, car contrairement aux r\u00e9frig\u00e9rateurs habituels, ces tiroirs vous donnent facilement \u00e0 acc\u00e8s \u00e0 tous les produits: plus besoin de farfouiller dans le r\u00e9frig\u00e9rateur pour mettre la main sur ce que vous cherchez. Mais ils le sont aussi sur les plans ergonomique et esth\u00e9tique\u2026<\/p>\n<h2><b>Tiroir-r\u00e9frig\u00e9rateur int\u00e9gr\u00e9 dans les tiroirs de la cuisine &#8211; Norcool<\/b><\/h2>\n<p><a href=\"http:\/\/elektrozine.be\/wp-content\/uploads\/2016\/02\/norcool_lade.jpg\" rel=\"attachment wp-att-9058\"><img loading=\"lazy\" class=\"alignnone size-full wp-image-9058\" src=\"http:\/\/elektrozine.be\/wp-content\/uploads\/2016\/02\/norcool_lade.jpg\" alt=\"norcool lade\" width=\"800\" height=\"600\" \/><\/a><br \/>\nTous ceux qui entendent pr\u00e9server la sobri\u00e9t\u00e9 dans leur espace culinaire &#8211; \u00e9viter les grands \u00e9l\u00e9ments muraux \u2013 ont int\u00e9r\u00eat \u00e0 opter pour des r\u00e9frig\u00e9rateurs-tiroirs pour remplacer le frigo. Le syst\u00e8me commercialis\u00e9 par Norcool se compose de deux grands tiroirs, dont l\u2019un \u00e9quip\u00e9 d\u2019un second tiroir \u00e0 l\u2019int\u00e9rieur.<\/p>\n<p>Au total, ces tiroirs-r\u00e9frig\u00e9rateurs ont une capacit\u00e9 de 170 litres. Ils s\u2019ouvrent sur toute leur longueur et sont \u00e9quip\u00e9s d\u2019un m\u00e9canisme de fermeture automatique et d\u2019un syst\u00e8me d\u2019absorption des chocs.<\/p>\n<p>Prix\u00a0&lt; \u20ac 2390<\/p>\n<h2><b>Tiroir-r\u00e9frig\u00e9rateur \u00e0 deux r\u00e9glages de temp\u00e9rature ind\u00e9pendants &#8211; Scholt\u00e8s<\/b><\/h2>\n<h2><b><a href=\"http:\/\/elektrozine.be\/wp-content\/uploads\/2016\/02\/sholtes.jpg\" rel=\"attachment wp-att-9060\"><img loading=\"lazy\" class=\"alignnone size-full wp-image-9060\" src=\"http:\/\/elektrozine.be\/wp-content\/uploads\/2016\/02\/sholtes.jpg\" alt=\"sholt\u00e8s koellade\" width=\"800\" height=\"600\" \/><\/a><\/b><\/h2>\n<p>Ce r\u00e9frig\u00e9rateur-tiroir de Scholt\u00e8s se compose de deux tiroirs ind\u00e9pendants dot\u00e9s d\u2019un r\u00e9glage de temp\u00e9rature individuel pour assurer la conservation des aliments \u00e0 temp\u00e9rature optimale. Le tiroir du bas abaisse la temp\u00e9rature entre 2 et 4\u00b0C ; il se r\u00e9v\u00e8le id\u00e9al pour la conservation du fromage, du poisson et de la viande. Le tiroir du haut abaisse la temp\u00e9rature entre 5\u00b0 et 7\u00b0C ; il convient tout particuli\u00e8rement aux fruits et l\u00e9gumes, au beurre, etc.<\/p>\n<p>Ce r\u00e9frig\u00e9rateur est \u00e9galement pourvu d\u2019une finition antibact\u00e9rienne. Les accessoires (range-bouteilles en inox, 2 bacs fra\u00eecheur et corbeille \u00e0 fruits) se r\u00e9v\u00e8lent particuli\u00e8rement pratiques, et flexibles \u00e0 l\u2019usage. Capacit\u00e9 totale : 150 L.<\/p>\n<p>Prix\u00a0&lt; \u20ac 1300<\/p>\n<h2><b>Tiroir-r\u00e9frig\u00e9rateur \u00e0 deux compartiments ind\u00e9pendants &#8211; Bauknecht<\/b><\/h2>\n<p><a href=\"http:\/\/elektrozine.be\/wp-content\/uploads\/2016\/02\/bauknecht_lade.jpg\" rel=\"attachment wp-att-9063\"><img loading=\"lazy\" class=\"alignnone size-full wp-image-9063\" src=\"http:\/\/elektrozine.be\/wp-content\/uploads\/2016\/02\/bauknecht_lade.jpg\" alt=\"bauknecht koellade\" width=\"800\" height=\"600\" \/><\/a><br \/>\nLa partie inf\u00e9rieure du r\u00e9frig\u00e9rateur de Bauknecht est id\u00e9ale pour le stockage d\u2019aliments frais sur deux \u00e9tages de 90 cm de large. Le gage d\u2019une meilleure vue d\u2019ensemble et d\u2019un confort d\u2019utilisation accru doubl\u00e9 d\u2019une possibilit\u00e9 d\u2019encastrement du frigo dans un \u00eelot de cuisson.<\/p>\n<p>Et les performances de r\u00e9frig\u00e9ration de cette architecture n\u2019en souffrent pas. Ces tiroirs-r\u00e9frig\u00e9rateurs s\u2019inscrivent dans la classe \u00e9nerg\u00e9tique A+ ! Notez \u00e9galement que le syst\u00e8me de ventilation et le filtre sp\u00e9cial Hygiene+ assurent la propret\u00e9 de l&rsquo;\u00e9quipement. Contenance : 170 L.<\/p>\n<p>Prix\u00a0&lt; \u20ac 1399<\/p>\n","protected":false},"excerpt":{"rendered":"<p>Vous pourriez tr\u00e8s bien acheter un r\u00e9frig\u00e9rateur encastrable conventionnel\u2026 mais pourquoi le feriez-vous ? Car, c\u2019est vrai, il existe des tas d&rsquo;autres alternatives int\u00e9ressantes. Comme les tiroirs-r\u00e9frig\u00e9rateurs. Les tiroirs-r\u00e9frig\u00e9rateurs sont particuli\u00e8rement pratiques. Rien que d\u00e9j\u00e0 sur le plan fonctionnel, car contrairement aux r\u00e9frig\u00e9rateurs habituels, ces tiroirs vous donnent facilement \u00e0 acc\u00e8s \u00e0 tous les produits: [&hellip;]<\/p>\n","protected":false},"author":9,"featured_media":21699,"comment_status":"closed","ping_status":"closed","sticky":false,"template":"","format":"standard","meta":{"tdm_status":"","tdm_grid_status":"","footnotes":""},"categories":[139,974,978],"tags":[1243],"class_list":{"0":"post-21697","1":"post","2":"type-post","3":"status-publish","4":"format-standard","5":"has-post-thumbnail","7":"category-aucune-categorie","8":"category-electromenagers-fr","9":"category-refrigerateurs","10":"tag-tiroir-refrigerateur"},"yoast_head":"<!-- This site is optimized with the Yoast SEO plugin v26.2 - https:\/\/yoast.com\/wordpress\/plugins\/seo\/ -->\n<title>Votre type de r\u00e9frig\u00e9rateur de pr\u00e9dilection ? Un parfaitement encastrable !<\/title>\n<meta name=\"robots\" content=\"index, follow, max-snippet:-1, max-image-preview:large, max-video-preview:-1\" \/>\n<link rel=\"canonical\" href=\"https:\/\/cuizine.be\/fr\/type-refrigerateur-tiroir\/\" \/>\n<meta property=\"og:locale\" content=\"fr_FR\" \/>\n<meta property=\"og:type\" content=\"article\" \/>\n<meta property=\"og:title\" content=\"Votre type de r\u00e9frig\u00e9rateur de pr\u00e9dilection ? Un parfaitement encastrable !\" \/>\n<meta property=\"og:description\" content=\"Vous pourriez tr\u00e8s bien acheter un r\u00e9frig\u00e9rateur encastrable conventionnel\u2026 mais pourquoi le feriez-vous ? Car, c\u2019est vrai, il existe des tas d&rsquo;autres alternatives int\u00e9ressantes. Comme les tiroirs-r\u00e9frig\u00e9rateurs. Les tiroirs-r\u00e9frig\u00e9rateurs sont particuli\u00e8rement pratiques. Rien que d\u00e9j\u00e0 sur le plan fonctionnel, car contrairement aux r\u00e9frig\u00e9rateurs habituels, ces tiroirs vous donnent facilement \u00e0 acc\u00e8s \u00e0 tous les produits: [&hellip;]\" \/>\n<meta property=\"og:url\" content=\"https:\/\/cuizine.be\/fr\/type-refrigerateur-tiroir\/\" \/>\n<meta property=\"og:site_name\" content=\"cuizine.be\" \/>\n<meta property=\"article:publisher\" content=\"https:\/\/www.facebook.com\/cuizinebe\/\" \/>\n<meta property=\"article:published_time\" content=\"2016-02-17T08:21:44+00:00\" \/>\n<meta property=\"article:modified_time\" content=\"2016-02-17T10:10:59+00:00\" \/>\n<meta property=\"og:image\" content=\"https:\/\/cuizine.be\/wp-content\/uploads\/2016\/02\/koellades.jpg\" \/>\n\t<meta property=\"og:image:width\" content=\"800\" \/>\n\t<meta property=\"og:image:height\" content=\"600\" \/>\n\t<meta property=\"og:image:type\" content=\"image\/jpeg\" \/>\n<meta name=\"author\" content=\"Marie Verhulst\" \/>\n<meta name=\"twitter:label1\" content=\"\u00c9crit par\" \/>\n\t<meta name=\"twitter:data1\" content=\"Marie Verhulst\" \/>\n\t<meta name=\"twitter:label2\" content=\"Dur\u00e9e de lecture estim\u00e9e\" \/>\n\t<meta name=\"twitter:data2\" content=\"2 minutes\" \/>\n<script type=\"application\/ld+json\" class=\"yoast-schema-graph\">{\"@context\":\"https:\/\/schema.org\",\"@graph\":[{\"@type\":\"WebPage\",\"@id\":\"https:\/\/cuizine.be\/fr\/type-refrigerateur-tiroir\/\",\"url\":\"https:\/\/cuizine.be\/fr\/type-refrigerateur-tiroir\/\",\"name\":\"Votre type de r\u00e9frig\u00e9rateur de pr\u00e9dilection ? Un parfaitement encastrable !\",\"isPartOf\":{\"@id\":\"https:\/\/cuizine.be\/#website\"},\"primaryImageOfPage\":{\"@id\":\"https:\/\/cuizine.be\/fr\/type-refrigerateur-tiroir\/#primaryimage\"},\"image\":{\"@id\":\"https:\/\/cuizine.be\/fr\/type-refrigerateur-tiroir\/#primaryimage\"},\"thumbnailUrl\":\"https:\/\/cuizine.be\/wp-content\/uploads\/2016\/02\/koellades.jpg\",\"datePublished\":\"2016-02-17T08:21:44+00:00\",\"dateModified\":\"2016-02-17T10:10:59+00:00\",\"author\":{\"@id\":\"https:\/\/cuizine.be\/#\/schema\/person\/8904a42d67afd3bedc36591eda4fb602\"},\"breadcrumb\":{\"@id\":\"https:\/\/cuizine.be\/fr\/type-refrigerateur-tiroir\/#breadcrumb\"},\"inLanguage\":\"fr-FR\",\"potentialAction\":[{\"@type\":\"ReadAction\",\"target\":[\"https:\/\/cuizine.be\/fr\/type-refrigerateur-tiroir\/\"]}]},{\"@type\":\"ImageObject\",\"inLanguage\":\"fr-FR\",\"@id\":\"https:\/\/cuizine.be\/fr\/type-refrigerateur-tiroir\/#primaryimage\",\"url\":\"https:\/\/cuizine.be\/wp-content\/uploads\/2016\/02\/koellades.jpg\",\"contentUrl\":\"https:\/\/cuizine.be\/wp-content\/uploads\/2016\/02\/koellades.jpg\",\"width\":800,\"height\":600,\"caption\":\"tiroir r\u00e9frig\u00e9rateur\"},{\"@type\":\"BreadcrumbList\",\"@id\":\"https:\/\/cuizine.be\/fr\/type-refrigerateur-tiroir\/#breadcrumb\",\"itemListElement\":[{\"@type\":\"ListItem\",\"position\":1,\"name\":\"Home\",\"item\":\"https:\/\/cuizine.be\/fr\/\"},{\"@type\":\"ListItem\",\"position\":2,\"name\":\"Votre type de r\u00e9frig\u00e9rateur de pr\u00e9dilection ? Un parfaitement encastrable !\"}]},{\"@type\":\"WebSite\",\"@id\":\"https:\/\/cuizine.be\/#website\",\"url\":\"https:\/\/cuizine.be\/\",\"name\":\"cuizine.be\",\"description\":\"we really love cooking\",\"potentialAction\":[{\"@type\":\"SearchAction\",\"target\":{\"@type\":\"EntryPoint\",\"urlTemplate\":\"https:\/\/cuizine.be\/?s={search_term_string}\"},\"query-input\":{\"@type\":\"PropertyValueSpecification\",\"valueRequired\":true,\"valueName\":\"search_term_string\"}}],\"inLanguage\":\"fr-FR\"},{\"@type\":\"Person\",\"@id\":\"https:\/\/cuizine.be\/#\/schema\/person\/8904a42d67afd3bedc36591eda4fb602\",\"name\":\"Marie Verhulst\",\"image\":{\"@type\":\"ImageObject\",\"inLanguage\":\"fr-FR\",\"@id\":\"https:\/\/cuizine.be\/#\/schema\/person\/image\/\",\"url\":\"https:\/\/secure.gravatar.com\/avatar\/09c8a66640d0babae6c97b57f1fb4eaae49124bc0d9f0446a4430d279bc1a633?s=96&d=mm&r=g\",\"contentUrl\":\"https:\/\/secure.gravatar.com\/avatar\/09c8a66640d0babae6c97b57f1fb4eaae49124bc0d9f0446a4430d279bc1a633?s=96&d=mm&r=g\",\"caption\":\"Marie Verhulst\"},\"url\":\"https:\/\/cuizine.be\/fr\/author\/marie\/\"}]}<\/script>\n<!-- \/ Yoast SEO plugin. -->","yoast_head_json":{"title":"Votre type de r\u00e9frig\u00e9rateur de pr\u00e9dilection ? Un parfaitement encastrable !","robots":{"index":"index","follow":"follow","max-snippet":"max-snippet:-1","max-image-preview":"max-image-preview:large","max-video-preview":"max-video-preview:-1"},"canonical":"https:\/\/cuizine.be\/fr\/type-refrigerateur-tiroir\/","og_locale":"fr_FR","og_type":"article","og_title":"Votre type de r\u00e9frig\u00e9rateur de pr\u00e9dilection ? Un parfaitement encastrable !","og_description":"Vous pourriez tr\u00e8s bien acheter un r\u00e9frig\u00e9rateur encastrable conventionnel\u2026 mais pourquoi le feriez-vous ? Car, c\u2019est vrai, il existe des tas d&rsquo;autres alternatives int\u00e9ressantes. Comme les tiroirs-r\u00e9frig\u00e9rateurs. Les tiroirs-r\u00e9frig\u00e9rateurs sont particuli\u00e8rement pratiques. Rien que d\u00e9j\u00e0 sur le plan fonctionnel, car contrairement aux r\u00e9frig\u00e9rateurs habituels, ces tiroirs vous donnent facilement \u00e0 acc\u00e8s \u00e0 tous les produits: [&hellip;]","og_url":"https:\/\/cuizine.be\/fr\/type-refrigerateur-tiroir\/","og_site_name":"cuizine.be","article_publisher":"https:\/\/www.facebook.com\/cuizinebe\/","article_published_time":"2016-02-17T08:21:44+00:00","article_modified_time":"2016-02-17T10:10:59+00:00","og_image":[{"width":800,"height":600,"url":"https:\/\/cuizine.be\/wp-content\/uploads\/2016\/02\/koellades.jpg","type":"image\/jpeg"}],"author":"Marie Verhulst","twitter_misc":{"\u00c9crit par":"Marie Verhulst","Dur\u00e9e de lecture estim\u00e9e":"2 minutes"},"schema":{"@context":"https:\/\/schema.org","@graph":[{"@type":"WebPage","@id":"https:\/\/cuizine.be\/fr\/type-refrigerateur-tiroir\/","url":"https:\/\/cuizine.be\/fr\/type-refrigerateur-tiroir\/","name":"Votre type de r\u00e9frig\u00e9rateur de pr\u00e9dilection ? Un parfaitement encastrable !","isPartOf":{"@id":"https:\/\/cuizine.be\/#website"},"primaryImageOfPage":{"@id":"https:\/\/cuizine.be\/fr\/type-refrigerateur-tiroir\/#primaryimage"},"image":{"@id":"https:\/\/cuizine.be\/fr\/type-refrigerateur-tiroir\/#primaryimage"},"thumbnailUrl":"https:\/\/cuizine.be\/wp-content\/uploads\/2016\/02\/koellades.jpg","datePublished":"2016-02-17T08:21:44+00:00","dateModified":"2016-02-17T10:10:59+00:00","author":{"@id":"https:\/\/cuizine.be\/#\/schema\/person\/8904a42d67afd3bedc36591eda4fb602"},"breadcrumb":{"@id":"https:\/\/cuizine.be\/fr\/type-refrigerateur-tiroir\/#breadcrumb"},"inLanguage":"fr-FR","potentialAction":[{"@type":"ReadAction","target":["https:\/\/cuizine.be\/fr\/type-refrigerateur-tiroir\/"]}]},{"@type":"ImageObject","inLanguage":"fr-FR","@id":"https:\/\/cuizine.be\/fr\/type-refrigerateur-tiroir\/#primaryimage","url":"https:\/\/cuizine.be\/wp-content\/uploads\/2016\/02\/koellades.jpg","contentUrl":"https:\/\/cuizine.be\/wp-content\/uploads\/2016\/02\/koellades.jpg","width":800,"height":600,"caption":"tiroir r\u00e9frig\u00e9rateur"},{"@type":"BreadcrumbList","@id":"https:\/\/cuizine.be\/fr\/type-refrigerateur-tiroir\/#breadcrumb","itemListElement":[{"@type":"ListItem","position":1,"name":"Home","item":"https:\/\/cuizine.be\/fr\/"},{"@type":"ListItem","position":2,"name":"Votre type de r\u00e9frig\u00e9rateur de pr\u00e9dilection ? Un parfaitement encastrable !"}]},{"@type":"WebSite","@id":"https:\/\/cuizine.be\/#website","url":"https:\/\/cuizine.be\/","name":"cuizine.be","description":"we really love cooking","potentialAction":[{"@type":"SearchAction","target":{"@type":"EntryPoint","urlTemplate":"https:\/\/cuizine.be\/?s={search_term_string}"},"query-input":{"@type":"PropertyValueSpecification","valueRequired":true,"valueName":"search_term_string"}}],"inLanguage":"fr-FR"},{"@type":"Person","@id":"https:\/\/cuizine.be\/#\/schema\/person\/8904a42d67afd3bedc36591eda4fb602","name":"Marie Verhulst","image":{"@type":"ImageObject","inLanguage":"fr-FR","@id":"https:\/\/cuizine.be\/#\/schema\/person\/image\/","url":"https:\/\/secure.gravatar.com\/avatar\/09c8a66640d0babae6c97b57f1fb4eaae49124bc0d9f0446a4430d279bc1a633?s=96&d=mm&r=g","contentUrl":"https:\/\/secure.gravatar.com\/avatar\/09c8a66640d0babae6c97b57f1fb4eaae49124bc0d9f0446a4430d279bc1a633?s=96&d=mm&r=g","caption":"Marie Verhulst"},"url":"https:\/\/cuizine.be\/fr\/author\/marie\/"}]}},"amp_enabled":true,"_links":{"self":[{"href":"https:\/\/cuizine.be\/fr\/wp-json\/wp\/v2\/posts\/21697\/"}],"collection":[{"href":"https:\/\/cuizine.be\/fr\/wp-json\/wp\/v2\/posts\/"}],"about":[{"href":"https:\/\/cuizine.be\/fr\/wp-json\/wp\/v2\/types\/post\/"}],"author":[{"embeddable":true,"href":"https:\/\/cuizine.be\/fr\/wp-json\/wp\/v2\/users\/9\/"}],"replies":[{"embeddable":true,"href":"https:\/\/cuizine.be\/fr\/wp-json\/wp\/v2\/comments\/?post=21697"}],"version-history":[{"count":1,"href":"https:\/\/cuizine.be\/fr\/wp-json\/wp\/v2\/posts\/21697\/revisions\/"}],"predecessor-version":[{"id":21698,"href":"https:\/\/cuizine.be\/fr\/wp-json\/wp\/v2\/posts\/21697\/revisions\/21698\/"}],"wp:featuredmedia":[{"embeddable":true,"href":"https:\/\/cuizine.be\/fr\/wp-json\/wp\/v2\/media\/21699\/"}],"wp:attachment":[{"href":"https:\/\/cuizine.be\/fr\/wp-json\/wp\/v2\/media\/?parent=21697"}],"wp:term":[{"taxonomy":"category","embeddable":true,"href":"https:\/\/cuizine.be\/fr\/wp-json\/wp\/v2\/categories\/?post=21697"},{"taxonomy":"post_tag","embeddable":true,"href":"https:\/\/cuizine.be\/fr\/wp-json\/wp\/v2\/tags\/?post=21697"}],"curies":[{"name":"wp","href":"https:\/\/api.w.org\/{rel}","templated":true}]}}