{"id":20073,"date":"2015-11-16T08:00:00","date_gmt":"2015-11-16T07:00:00","guid":{"rendered":"http:\/\/cuizine.be\/bodum-koper-koffiemaker-2\/"},"modified":"2016-01-07T15:29:17","modified_gmt":"2016-01-07T14:29:17","slug":"bodum-koper-koffiemaker","status":"publish","type":"post","link":"https:\/\/cuizine.be\/fr\/bodum-koper-koffiemaker\/","title":{"rendered":"Du caf\u00e9 avec une touche de cuivre"},"content":{"rendered":"<p>Le cuivre, c&rsquo;est tendance ! Et Bodum \u00e9quipe \u00e9galement ses accessoires \u00e0 caf\u00e9 d&rsquo;une touche cuivr\u00e9e. Le cuivre se marie en outre tr\u00e8s bien avec la couleur intense du caf\u00e9, vous ne trouvez pas?<\/p>\n<h2>El\u00e9gance<\/h2>\n<p>Bodum sait toujours nous charmer avec ses chouettes cafeti\u00e8res et ses accessoires. Cette fois, la marque r\u00e9pond \u00e0 la tendance que l&rsquo;on observe depuis un petit temps dans la cuisine : le cuivre. Outre les papilles, nos yeux seront aussi combl\u00e9s.<\/p>\n<p>Ces cafeti\u00e8res sont trop belles pour \u00eatre cach\u00e9es dans une armoire. Alors, mettez-les \u00e0 l&rsquo;honneur et profitez d&rsquo;un go\u00fbt intense.<\/p>\n<h2>Pas ch\u00e8re<\/h2>\n<p>Le slogan de Bodum est &lsquo;Un beau design ne doit pas \u00eatre cher&rsquo;. Bodum applique donc sa devise, avec un aspect chic suppl\u00e9mentaire!<\/p>\n\r\n                <div id='position_image_loading_byid_313040400' style='text-align: center;padding: 20px;'><img src='https:\/\/cuizine.be\/wp-content\/plugins\/opencart-product-in-wp\/css\/images\/bx_loader.gif' \/><\/div>\r\n                <div id='position_display_data_byid_313040400'><div style='text-align:center;padding:15px;border:1px solid #ccc;display:none'>Klik <a style='cursor: pointer'>hier<\/a> om producten in te laden<\/div><\/div>\r\n                <script>        \r\n                jQuery(document).ready(function(){  \r\n                    jQuery('#position_display_data_byid_313040400').find('a').click(function(){callReload({\"action\":\"load_getproducts_by_id\",\"id\":\"123565,181340,138864\",\"title\":\"\",\"description\":\"\",\"order\":\"\",\"view\":\"\",\"divid\":313040400}, 'position_display_data_byid_313040400','position_image_loading_byid_313040400');})       \r\n                    callReload({\"action\":\"load_getproducts_by_id\",\"id\":\"123565,181340,138864\",\"title\":\"\",\"description\":\"\",\"order\":\"\",\"view\":\"\",\"divid\":313040400}, 'position_display_data_byid_313040400','position_image_loading_byid_313040400');\r\n                });\r\n            <\/script>\r\n            \n","protected":false},"excerpt":{"rendered":"<p>Le cuivre, c&rsquo;est tendance ! Et Bodum \u00e9quipe \u00e9galement ses accessoires \u00e0 caf\u00e9 d&rsquo;une touche cuivr\u00e9e. Le cuivre se marie en outre tr\u00e8s bien avec la couleur intense du caf\u00e9, vous ne trouvez pas? El\u00e9gance Bodum sait toujours nous charmer avec ses chouettes cafeti\u00e8res et ses accessoires. Cette fois, la marque r\u00e9pond \u00e0 la tendance [&hellip;]<\/p>\n","protected":false},"author":9,"featured_media":19485,"comment_status":"open","ping_status":"open","sticky":false,"template":"","format":"standard","meta":{"tdm_status":"","tdm_grid_status":"","footnotes":""},"categories":[985],"tags":[991,993,992],"class_list":{"0":"post-20073","1":"post","2":"type-post","3":"status-publish","4":"format-standard","5":"has-post-thumbnail","7":"category-cafe-the","8":"tag-bodum-fr","9":"tag-koper-fr","10":"tag-machine-a-cafe"},"yoast_head":"<!-- This site is optimized with the Yoast SEO plugin v26.2 - https:\/\/yoast.com\/wordpress\/plugins\/seo\/ -->\n<title>Du caf\u00e9 avec une touche de cuivre<\/title>\n<meta name=\"robots\" content=\"index, follow, max-snippet:-1, max-image-preview:large, max-video-preview:-1\" \/>\n<link rel=\"canonical\" href=\"https:\/\/cuizine.be\/fr\/bodum-koper-koffiemaker\/\" \/>\n<meta property=\"og:locale\" content=\"fr_FR\" \/>\n<meta property=\"og:type\" content=\"article\" \/>\n<meta property=\"og:title\" content=\"Du caf\u00e9 avec une touche de cuivre\" \/>\n<meta property=\"og:description\" content=\"Le cuivre, c&rsquo;est tendance ! Et Bodum \u00e9quipe \u00e9galement ses accessoires \u00e0 caf\u00e9 d&rsquo;une touche cuivr\u00e9e. Le cuivre se marie en outre tr\u00e8s bien avec la couleur intense du caf\u00e9, vous ne trouvez pas? El\u00e9gance Bodum sait toujours nous charmer avec ses chouettes cafeti\u00e8res et ses accessoires. Cette fois, la marque r\u00e9pond \u00e0 la tendance [&hellip;]\" \/>\n<meta property=\"og:url\" content=\"https:\/\/cuizine.be\/fr\/bodum-koper-koffiemaker\/\" \/>\n<meta property=\"og:site_name\" content=\"cuizine.be\" \/>\n<meta property=\"article:publisher\" content=\"https:\/\/www.facebook.com\/cuizinebe\/\" \/>\n<meta property=\"article:published_time\" content=\"2015-11-16T07:00:00+00:00\" \/>\n<meta property=\"article:modified_time\" content=\"2016-01-07T14:29:17+00:00\" \/>\n<meta property=\"og:image\" content=\"https:\/\/cuizine.be\/wp-content\/uploads\/2015\/11\/bodum_koper_canva.jpg\" \/>\n\t<meta property=\"og:image:width\" content=\"1600\" \/>\n\t<meta property=\"og:image:height\" content=\"1200\" \/>\n\t<meta property=\"og:image:type\" content=\"image\/jpeg\" \/>\n<meta name=\"author\" content=\"Marie Verhulst\" \/>\n<meta name=\"twitter:label1\" content=\"\u00c9crit par\" \/>\n\t<meta name=\"twitter:data1\" content=\"Marie Verhulst\" \/>\n\t<meta name=\"twitter:label2\" content=\"Dur\u00e9e de lecture estim\u00e9e\" \/>\n\t<meta name=\"twitter:data2\" content=\"1 minute\" \/>\n<script type=\"application\/ld+json\" class=\"yoast-schema-graph\">{\"@context\":\"https:\/\/schema.org\",\"@graph\":[{\"@type\":\"WebPage\",\"@id\":\"https:\/\/cuizine.be\/fr\/bodum-koper-koffiemaker\/\",\"url\":\"https:\/\/cuizine.be\/fr\/bodum-koper-koffiemaker\/\",\"name\":\"Du caf\u00e9 avec une touche de cuivre\",\"isPartOf\":{\"@id\":\"https:\/\/cuizine.be\/#website\"},\"primaryImageOfPage\":{\"@id\":\"https:\/\/cuizine.be\/fr\/bodum-koper-koffiemaker\/#primaryimage\"},\"image\":{\"@id\":\"https:\/\/cuizine.be\/fr\/bodum-koper-koffiemaker\/#primaryimage\"},\"thumbnailUrl\":\"https:\/\/cuizine.be\/wp-content\/uploads\/2015\/11\/bodum_koper_canva.jpg\",\"datePublished\":\"2015-11-16T07:00:00+00:00\",\"dateModified\":\"2016-01-07T14:29:17+00:00\",\"author\":{\"@id\":\"https:\/\/cuizine.be\/#\/schema\/person\/8904a42d67afd3bedc36591eda4fb602\"},\"breadcrumb\":{\"@id\":\"https:\/\/cuizine.be\/fr\/bodum-koper-koffiemaker\/#breadcrumb\"},\"inLanguage\":\"fr-FR\",\"potentialAction\":[{\"@type\":\"ReadAction\",\"target\":[\"https:\/\/cuizine.be\/fr\/bodum-koper-koffiemaker\/\"]}]},{\"@type\":\"ImageObject\",\"inLanguage\":\"fr-FR\",\"@id\":\"https:\/\/cuizine.be\/fr\/bodum-koper-koffiemaker\/#primaryimage\",\"url\":\"https:\/\/cuizine.be\/wp-content\/uploads\/2015\/11\/bodum_koper_canva.jpg\",\"contentUrl\":\"https:\/\/cuizine.be\/wp-content\/uploads\/2015\/11\/bodum_koper_canva.jpg\",\"width\":1600,\"height\":1200,\"caption\":\"koffiemaker bodum koper\"},{\"@type\":\"BreadcrumbList\",\"@id\":\"https:\/\/cuizine.be\/fr\/bodum-koper-koffiemaker\/#breadcrumb\",\"itemListElement\":[{\"@type\":\"ListItem\",\"position\":1,\"name\":\"Home\",\"item\":\"https:\/\/cuizine.be\/fr\/\"},{\"@type\":\"ListItem\",\"position\":2,\"name\":\"Du caf\u00e9 avec une touche de cuivre\"}]},{\"@type\":\"WebSite\",\"@id\":\"https:\/\/cuizine.be\/#website\",\"url\":\"https:\/\/cuizine.be\/\",\"name\":\"cuizine.be\",\"description\":\"we really love cooking\",\"potentialAction\":[{\"@type\":\"SearchAction\",\"target\":{\"@type\":\"EntryPoint\",\"urlTemplate\":\"https:\/\/cuizine.be\/?s={search_term_string}\"},\"query-input\":{\"@type\":\"PropertyValueSpecification\",\"valueRequired\":true,\"valueName\":\"search_term_string\"}}],\"inLanguage\":\"fr-FR\"},{\"@type\":\"Person\",\"@id\":\"https:\/\/cuizine.be\/#\/schema\/person\/8904a42d67afd3bedc36591eda4fb602\",\"name\":\"Marie Verhulst\",\"image\":{\"@type\":\"ImageObject\",\"inLanguage\":\"fr-FR\",\"@id\":\"https:\/\/cuizine.be\/#\/schema\/person\/image\/\",\"url\":\"https:\/\/secure.gravatar.com\/avatar\/09c8a66640d0babae6c97b57f1fb4eaae49124bc0d9f0446a4430d279bc1a633?s=96&d=mm&r=g\",\"contentUrl\":\"https:\/\/secure.gravatar.com\/avatar\/09c8a66640d0babae6c97b57f1fb4eaae49124bc0d9f0446a4430d279bc1a633?s=96&d=mm&r=g\",\"caption\":\"Marie Verhulst\"},\"url\":\"https:\/\/cuizine.be\/fr\/author\/marie\/\"}]}<\/script>\n<!-- \/ Yoast SEO plugin. -->","yoast_head_json":{"title":"Du caf\u00e9 avec une touche de cuivre","robots":{"index":"index","follow":"follow","max-snippet":"max-snippet:-1","max-image-preview":"max-image-preview:large","max-video-preview":"max-video-preview:-1"},"canonical":"https:\/\/cuizine.be\/fr\/bodum-koper-koffiemaker\/","og_locale":"fr_FR","og_type":"article","og_title":"Du caf\u00e9 avec une touche de cuivre","og_description":"Le cuivre, c&rsquo;est tendance ! Et Bodum \u00e9quipe \u00e9galement ses accessoires \u00e0 caf\u00e9 d&rsquo;une touche cuivr\u00e9e. Le cuivre se marie en outre tr\u00e8s bien avec la couleur intense du caf\u00e9, vous ne trouvez pas? El\u00e9gance Bodum sait toujours nous charmer avec ses chouettes cafeti\u00e8res et ses accessoires. Cette fois, la marque r\u00e9pond \u00e0 la tendance [&hellip;]","og_url":"https:\/\/cuizine.be\/fr\/bodum-koper-koffiemaker\/","og_site_name":"cuizine.be","article_publisher":"https:\/\/www.facebook.com\/cuizinebe\/","article_published_time":"2015-11-16T07:00:00+00:00","article_modified_time":"2016-01-07T14:29:17+00:00","og_image":[{"width":1600,"height":1200,"url":"https:\/\/cuizine.be\/wp-content\/uploads\/2015\/11\/bodum_koper_canva.jpg","type":"image\/jpeg"}],"author":"Marie Verhulst","twitter_misc":{"\u00c9crit par":"Marie Verhulst","Dur\u00e9e de lecture estim\u00e9e":"1 minute"},"schema":{"@context":"https:\/\/schema.org","@graph":[{"@type":"WebPage","@id":"https:\/\/cuizine.be\/fr\/bodum-koper-koffiemaker\/","url":"https:\/\/cuizine.be\/fr\/bodum-koper-koffiemaker\/","name":"Du caf\u00e9 avec une touche de cuivre","isPartOf":{"@id":"https:\/\/cuizine.be\/#website"},"primaryImageOfPage":{"@id":"https:\/\/cuizine.be\/fr\/bodum-koper-koffiemaker\/#primaryimage"},"image":{"@id":"https:\/\/cuizine.be\/fr\/bodum-koper-koffiemaker\/#primaryimage"},"thumbnailUrl":"https:\/\/cuizine.be\/wp-content\/uploads\/2015\/11\/bodum_koper_canva.jpg","datePublished":"2015-11-16T07:00:00+00:00","dateModified":"2016-01-07T14:29:17+00:00","author":{"@id":"https:\/\/cuizine.be\/#\/schema\/person\/8904a42d67afd3bedc36591eda4fb602"},"breadcrumb":{"@id":"https:\/\/cuizine.be\/fr\/bodum-koper-koffiemaker\/#breadcrumb"},"inLanguage":"fr-FR","potentialAction":[{"@type":"ReadAction","target":["https:\/\/cuizine.be\/fr\/bodum-koper-koffiemaker\/"]}]},{"@type":"ImageObject","inLanguage":"fr-FR","@id":"https:\/\/cuizine.be\/fr\/bodum-koper-koffiemaker\/#primaryimage","url":"https:\/\/cuizine.be\/wp-content\/uploads\/2015\/11\/bodum_koper_canva.jpg","contentUrl":"https:\/\/cuizine.be\/wp-content\/uploads\/2015\/11\/bodum_koper_canva.jpg","width":1600,"height":1200,"caption":"koffiemaker bodum koper"},{"@type":"BreadcrumbList","@id":"https:\/\/cuizine.be\/fr\/bodum-koper-koffiemaker\/#breadcrumb","itemListElement":[{"@type":"ListItem","position":1,"name":"Home","item":"https:\/\/cuizine.be\/fr\/"},{"@type":"ListItem","position":2,"name":"Du caf\u00e9 avec une touche de cuivre"}]},{"@type":"WebSite","@id":"https:\/\/cuizine.be\/#website","url":"https:\/\/cuizine.be\/","name":"cuizine.be","description":"we really love cooking","potentialAction":[{"@type":"SearchAction","target":{"@type":"EntryPoint","urlTemplate":"https:\/\/cuizine.be\/?s={search_term_string}"},"query-input":{"@type":"PropertyValueSpecification","valueRequired":true,"valueName":"search_term_string"}}],"inLanguage":"fr-FR"},{"@type":"Person","@id":"https:\/\/cuizine.be\/#\/schema\/person\/8904a42d67afd3bedc36591eda4fb602","name":"Marie Verhulst","image":{"@type":"ImageObject","inLanguage":"fr-FR","@id":"https:\/\/cuizine.be\/#\/schema\/person\/image\/","url":"https:\/\/secure.gravatar.com\/avatar\/09c8a66640d0babae6c97b57f1fb4eaae49124bc0d9f0446a4430d279bc1a633?s=96&d=mm&r=g","contentUrl":"https:\/\/secure.gravatar.com\/avatar\/09c8a66640d0babae6c97b57f1fb4eaae49124bc0d9f0446a4430d279bc1a633?s=96&d=mm&r=g","caption":"Marie Verhulst"},"url":"https:\/\/cuizine.be\/fr\/author\/marie\/"}]}},"amp_enabled":true,"_links":{"self":[{"href":"https:\/\/cuizine.be\/fr\/wp-json\/wp\/v2\/posts\/20073\/"}],"collection":[{"href":"https:\/\/cuizine.be\/fr\/wp-json\/wp\/v2\/posts\/"}],"about":[{"href":"https:\/\/cuizine.be\/fr\/wp-json\/wp\/v2\/types\/post\/"}],"author":[{"embeddable":true,"href":"https:\/\/cuizine.be\/fr\/wp-json\/wp\/v2\/users\/9\/"}],"replies":[{"embeddable":true,"href":"https:\/\/cuizine.be\/fr\/wp-json\/wp\/v2\/comments\/?post=20073"}],"version-history":[{"count":6,"href":"https:\/\/cuizine.be\/fr\/wp-json\/wp\/v2\/posts\/20073\/revisions\/"}],"predecessor-version":[{"id":20082,"href":"https:\/\/cuizine.be\/fr\/wp-json\/wp\/v2\/posts\/20073\/revisions\/20082\/"}],"wp:featuredmedia":[{"embeddable":true,"href":"https:\/\/cuizine.be\/fr\/wp-json\/wp\/v2\/media\/19485\/"}],"wp:attachment":[{"href":"https:\/\/cuizine.be\/fr\/wp-json\/wp\/v2\/media\/?parent=20073"}],"wp:term":[{"taxonomy":"category","embeddable":true,"href":"https:\/\/cuizine.be\/fr\/wp-json\/wp\/v2\/categories\/?post=20073"},{"taxonomy":"post_tag","embeddable":true,"href":"https:\/\/cuizine.be\/fr\/wp-json\/wp\/v2\/tags\/?post=20073"}],"curies":[{"name":"wp","href":"https:\/\/api.w.org\/{rel}","templated":true}]}}